{"id":251,"date":"2026-02-27T16:14:32","date_gmt":"2026-02-27T15:14:32","guid":{"rendered":"https:\/\/qic-czech.cz\/?p=251"},"modified":"2026-03-12T13:17:03","modified_gmt":"2026-03-12T12:17:03","slug":"kvantove-cesko-jako-tema-ve-hvezdarne","status":"publish","type":"post","link":"https:\/\/qic-czech.cz\/index.php\/2026\/02\/27\/kvantove-cesko-jako-tema-ve-hvezdarne\/","title":{"rendered":"Kvantov\u00e9 \u010cesko jako t\u00e9ma ve hv\u011bzd\u00e1rn\u011b"},"content":{"rendered":"\n<p><strong>Hv\u011bzd\u00e1rna a&nbsp;planet\u00e1rium Brno <\/strong>uspo\u0159\u00e1daly dne <strong>26.&nbsp;\u00fanora 2026<\/strong> ve\u0159ejnou besedu &#8211; panelovou diskusi s&nbsp;n\u00e1zvem <strong><a href=\"https:\/\/www.facebook.com\/events\/903923282121078\/?acontext=%7B%22event_action_history%22%3A[%7B%22surface%22%3A%22external_search_engine%22%7D%2C%7B%22mechanism%22%3A%22attachment%22%2C%22surface%22%3A%22newsfeed%22%7D]%2C%22ref_notif_type%22%3Anull%7D\">Kvantov\u00e9 \u010cesko<\/a><\/strong>, akci, kter\u00e1 op\u011bt dokladuje nar\u016fstaj\u00edc\u00ed z\u00e1jem o&nbsp;celou tuto oblast. <\/p>\n\n\n\n<p>V r\u00e1mci setk\u00e1n\u00ed, jeho\u017e moderov\u00e1n\u00ed se ujal <strong>Mgr. Martin Fri\u00e1k, PhD<\/strong> z&nbsp;\u00dastavu fyziky materi\u00e1l\u016f AV \u010cR a&nbsp;pozv\u00e1n\u00ed mezi panelisty p\u0159ijali i&nbsp;dal\u0161\u00ed z\u00e1stupci konsorcia <strong>Quantum Innovation Center Czech<\/strong> &#8211; <strong>doc. RNDr. Jan Bouda, Ph.D.<\/strong> (CyberSecurity Hub, z. \u00fa.), <strong>prof. Ing. Igor Jex, DrSc.<\/strong>( FJFI \u010cVUT v&nbsp;Praze) a&nbsp;<strong>doc. Dr. RNDr. Miroslav Hole\u010dek<\/strong> (Z\u00e1pado\u010desk\u00e1 univerzita v&nbsp;Plzni \u2013 NTC) se diskutovalo mnoho t\u00e9mat avizovan\u00fdch v&nbsp;anotaci besedy: <\/p>\n\n\n\n<ul class=\"wp-block-list\">\n<li>Kvantov\u00e9 technologie p\u0159est\u00e1vaj\u00ed b\u00fdt hudbou budoucnosti, ale st\u00e1vaj\u00ed se re\u00e1lnou sou\u010d\u00e1st\u00ed v\u011bdy, pr\u016fmyslu i&nbsp;vzd\u011bl\u00e1v\u00e1n\u00ed.<\/li>\n\n\n\n<li>Co si pod pojmy kvantov\u00e1 v\u011bda a&nbsp;technologie vlastn\u011b p\u0159edstavit?<\/li>\n\n\n\n<li>Jak si \u010cesk\u00e1 republika stoj\u00ed ve sv\u011btov\u00e9m kontextu ve vztahu k&nbsp;vznikaj\u00edc\u00edm projekt\u016fm jako prvn\u00ed kvantov\u00fd po\u010d\u00edta\u010d VLQ, Quantum Innovation Center &#8211; IBM \u010di CyberSecurity Hub v&nbsp;Brn\u011b.<\/li>\n\n\n\n<li>Jak se vyv\u00edj\u00ed zapojen\u00ed do evropsk\u00e9 kvantov\u00e9 komunika\u010dn\u00ed infrastruktury (EuroQCI) a\u017e po vl\u00e1dn\u00ed strategie a&nbsp;priority v&nbsp;t\u00e9to oblasti.<\/li>\n\n\n\n<li>Kde prob\u00edh\u00e1 v\u00fdzkum &#8211; a\u017e po to, jak\u00e9 jsou mo\u017enosti studia \u010di profesn\u00edho uplatn\u011bn\u00ed.<\/li>\n<\/ul>\n\n\n\n<p>Z\u00e1jemci tak mohli z\u00edskat ucelen\u00fd pohled na aktu\u00e1ln\u00ed v\u00fdvoj ve sv\u011bt\u011b kvantov\u00fdch technologi\u00ed v&nbsp;\u010cR. My d\u011bkujeme za mnoho\u010detn\u00e9 zm\u00ednky na adresu pr\u00e1v\u011b QIC a&nbsp;t\u011b\u0161\u00edme se na dal\u0161\u00ed podobn\u00e9 akce, kter\u00e9 pom\u00e1haj\u00edc\u00ed budovat silnou kvantovou komunitu v&nbsp;\u010cesk\u00e9 republice. <\/p>\n\n\n\n<p><\/p>\n\n\n\n<p><em>foto Jan \u0160af\u00e1\u0159, Hv\u011bzd\u00e1rna Brno<\/em><\/p>\n","protected":false},"excerpt":{"rendered":"<p>Hv\u011bzd\u00e1rna a&nbsp;planet\u00e1rium Brno uspo\u0159\u00e1daly dne 26.&nbsp;\u00fanora 2026 ve\u0159ejnou besedu &#8211; panelovou diskusi s&nbsp;n\u00e1zvem Kvantov\u00e9 \u010cesko, akci, kter\u00e1 op\u011bt dokladuje nar\u016fstaj\u00edc\u00ed z\u00e1jem o&nbsp;celou tuto oblast. V&nbsp;r\u00e1mci setk\u00e1n\u00ed, jeho\u017e moderov\u00e1n\u00ed se&#8230;<\/p>\n","protected":false},"author":3,"featured_media":253,"comment_status":"closed","ping_status":"closed","sticky":false,"template":"","format":"standard","meta":{"_acf_changed":false,"inline_featured_image":false,"footnotes":""},"categories":[1],"tags":[],"class_list":["post-251","post","type-post","status-publish","format-standard","has-post-thumbnail","hentry","category-uncategorized"],"acf":[],"yoast_head":"<!-- This site is optimized with the Yoast SEO plugin v25.2 - https:\/\/yoast.com\/wordpress\/plugins\/seo\/ -->\n<title>Kvantov\u00e9 \u010cesko jako t\u00e9ma ve hv\u011bzd\u00e1rn\u011b - The Quantum Innovation Center<\/title>\n<meta name=\"robots\" content=\"index, follow, max-snippet:-1, max-image-preview:large, max-video-preview:-1\" \/>\n<link rel=\"canonical\" href=\"https:\/\/qic-czech.cz\/index.php\/2026\/02\/27\/kvantove-cesko-jako-tema-ve-hvezdarne\/\" \/>\n<meta property=\"og:locale\" content=\"en_US\" \/>\n<meta property=\"og:type\" content=\"article\" \/>\n<meta property=\"og:title\" content=\"Kvantov\u00e9 \u010cesko jako t\u00e9ma ve hv\u011bzd\u00e1rn\u011b - The Quantum Innovation Center\" \/>\n<meta property=\"og:description\" content=\"Hv\u011bzd\u00e1rna a&nbsp;planet\u00e1rium Brno uspo\u0159\u00e1daly dne 26.&nbsp;\u00fanora 2026 ve\u0159ejnou besedu &#8211; panelovou diskusi s&nbsp;n\u00e1zvem Kvantov\u00e9 \u010cesko, akci, kter\u00e1 op\u011bt dokladuje nar\u016fstaj\u00edc\u00ed z\u00e1jem o&nbsp;celou tuto oblast. V r\u00e1mci setk\u00e1n\u00ed, jeho\u017e moderov\u00e1n\u00ed se...\" \/>\n<meta property=\"og:url\" content=\"https:\/\/qic-czech.cz\/index.php\/2026\/02\/27\/kvantove-cesko-jako-tema-ve-hvezdarne\/\" \/>\n<meta property=\"og:site_name\" content=\"The Quantum Innovation Center\" \/>\n<meta property=\"article:published_time\" content=\"2026-02-27T15:14:32+00:00\" \/>\n<meta property=\"article:modified_time\" content=\"2026-03-12T12:17:03+00:00\" \/>\n<meta property=\"og:image\" content=\"https:\/\/qic-czech.cz\/wp-content\/uploads\/2026\/03\/hap_brno-94ecfbe4.jpeg\" \/>\n\t<meta property=\"og:image:width\" content=\"600\" \/>\n\t<meta property=\"og:image:height\" content=\"400\" \/>\n\t<meta property=\"og:image:type\" content=\"image\/jpeg\" \/>\n<meta name=\"author\" content=\"Anna Rihova\" \/>\n<meta name=\"twitter:card\" content=\"summary_large_image\" \/>\n<meta name=\"twitter:label1\" content=\"Written by\" \/>\n\t<meta name=\"twitter:data1\" content=\"Anna Rihova\" \/>\n\t<meta name=\"twitter:label2\" content=\"Est. reading time\" \/>\n\t<meta name=\"twitter:data2\" content=\"2 minutes\" \/>\n<script type=\"application\/ld+json\" class=\"yoast-schema-graph\">{\"@context\":\"https:\/\/schema.org\",\"@graph\":[{\"@type\":\"Article\",\"@id\":\"https:\/\/qic-czech.cz\/index.php\/2026\/02\/27\/kvantove-cesko-jako-tema-ve-hvezdarne\/#article\",\"isPartOf\":{\"@id\":\"https:\/\/qic-czech.cz\/index.php\/2026\/02\/27\/kvantove-cesko-jako-tema-ve-hvezdarne\/\"},\"author\":{\"name\":\"Anna Rihova\",\"@id\":\"https:\/\/qic-czech.cz\/#\/schema\/person\/649f4f4fb3dcbe9a6931832fd010b180\"},\"headline\":\"Kvantov\u00e9 \u010cesko jako t\u00e9ma ve hv\u011bzd\u00e1rn\u011b\",\"datePublished\":\"2026-02-27T15:14:32+00:00\",\"dateModified\":\"2026-03-12T12:17:03+00:00\",\"mainEntityOfPage\":{\"@id\":\"https:\/\/qic-czech.cz\/index.php\/2026\/02\/27\/kvantove-cesko-jako-tema-ve-hvezdarne\/\"},\"wordCount\":300,\"publisher\":{\"@id\":\"https:\/\/qic-czech.cz\/#organization\"},\"image\":{\"@id\":\"https:\/\/qic-czech.cz\/index.php\/2026\/02\/27\/kvantove-cesko-jako-tema-ve-hvezdarne\/#primaryimage\"},\"thumbnailUrl\":\"https:\/\/qic-czech.cz\/wp-content\/uploads\/2026\/03\/hap_brno-94ecfbe4.jpeg\",\"inLanguage\":\"en-US\"},{\"@type\":\"WebPage\",\"@id\":\"https:\/\/qic-czech.cz\/index.php\/2026\/02\/27\/kvantove-cesko-jako-tema-ve-hvezdarne\/\",\"url\":\"https:\/\/qic-czech.cz\/index.php\/2026\/02\/27\/kvantove-cesko-jako-tema-ve-hvezdarne\/\",\"name\":\"Kvantov\u00e9 \u010cesko jako t\u00e9ma ve hv\u011bzd\u00e1rn\u011b - The Quantum Innovation Center\",\"isPartOf\":{\"@id\":\"https:\/\/qic-czech.cz\/#website\"},\"primaryImageOfPage\":{\"@id\":\"https:\/\/qic-czech.cz\/index.php\/2026\/02\/27\/kvantove-cesko-jako-tema-ve-hvezdarne\/#primaryimage\"},\"image\":{\"@id\":\"https:\/\/qic-czech.cz\/index.php\/2026\/02\/27\/kvantove-cesko-jako-tema-ve-hvezdarne\/#primaryimage\"},\"thumbnailUrl\":\"https:\/\/qic-czech.cz\/wp-content\/uploads\/2026\/03\/hap_brno-94ecfbe4.jpeg\",\"datePublished\":\"2026-02-27T15:14:32+00:00\",\"dateModified\":\"2026-03-12T12:17:03+00:00\",\"breadcrumb\":{\"@id\":\"https:\/\/qic-czech.cz\/index.php\/2026\/02\/27\/kvantove-cesko-jako-tema-ve-hvezdarne\/#breadcrumb\"},\"inLanguage\":\"en-US\",\"potentialAction\":[{\"@type\":\"ReadAction\",\"target\":[\"https:\/\/qic-czech.cz\/index.php\/2026\/02\/27\/kvantove-cesko-jako-tema-ve-hvezdarne\/\"]}]},{\"@type\":\"ImageObject\",\"inLanguage\":\"en-US\",\"@id\":\"https:\/\/qic-czech.cz\/index.php\/2026\/02\/27\/kvantove-cesko-jako-tema-ve-hvezdarne\/#primaryimage\",\"url\":\"https:\/\/qic-czech.cz\/wp-content\/uploads\/2026\/03\/hap_brno-94ecfbe4.jpeg\",\"contentUrl\":\"https:\/\/qic-czech.cz\/wp-content\/uploads\/2026\/03\/hap_brno-94ecfbe4.jpeg\",\"width\":600,\"height\":400},{\"@type\":\"BreadcrumbList\",\"@id\":\"https:\/\/qic-czech.cz\/index.php\/2026\/02\/27\/kvantove-cesko-jako-tema-ve-hvezdarne\/#breadcrumb\",\"itemListElement\":[{\"@type\":\"ListItem\",\"position\":1,\"name\":\"Home\",\"item\":\"https:\/\/qic-czech.cz\/\"},{\"@type\":\"ListItem\",\"position\":2,\"name\":\"Kvantov\u00e9 \u010cesko jako t\u00e9ma ve hv\u011bzd\u00e1rn\u011b\"}]},{\"@type\":\"WebSite\",\"@id\":\"https:\/\/qic-czech.cz\/#website\",\"url\":\"https:\/\/qic-czech.cz\/\",\"name\":\"The Quantum Innovation Center\",\"description\":\"\",\"publisher\":{\"@id\":\"https:\/\/qic-czech.cz\/#organization\"},\"potentialAction\":[{\"@type\":\"SearchAction\",\"target\":{\"@type\":\"EntryPoint\",\"urlTemplate\":\"https:\/\/qic-czech.cz\/?s={search_term_string}\"},\"query-input\":{\"@type\":\"PropertyValueSpecification\",\"valueRequired\":true,\"valueName\":\"search_term_string\"}}],\"inLanguage\":\"en-US\"},{\"@type\":\"Organization\",\"@id\":\"https:\/\/qic-czech.cz\/#organization\",\"name\":\"The Quantum Innovation Center\",\"url\":\"https:\/\/qic-czech.cz\/\",\"logo\":{\"@type\":\"ImageObject\",\"inLanguage\":\"en-US\",\"@id\":\"https:\/\/qic-czech.cz\/#\/schema\/logo\/image\/\",\"url\":\"https:\/\/qic-czech.cz\/wp-content\/uploads\/2025\/06\/logo2.webp\",\"contentUrl\":\"https:\/\/qic-czech.cz\/wp-content\/uploads\/2025\/06\/logo2.webp\",\"width\":390,\"height\":359,\"caption\":\"The Quantum Innovation Center\"},\"image\":{\"@id\":\"https:\/\/qic-czech.cz\/#\/schema\/logo\/image\/\"}},{\"@type\":\"Person\",\"@id\":\"https:\/\/qic-czech.cz\/#\/schema\/person\/649f4f4fb3dcbe9a6931832fd010b180\",\"name\":\"Anna Rihova\",\"url\":\"https:\/\/qic-czech.cz\/index.php\/author\/rihova\/\"}]}<\/script>\n<!-- \/ Yoast SEO plugin. -->","yoast_head_json":{"title":"Kvantov\u00e9 \u010cesko jako t\u00e9ma ve hv\u011bzd\u00e1rn\u011b - The Quantum Innovation Center","robots":{"index":"index","follow":"follow","max-snippet":"max-snippet:-1","max-image-preview":"max-image-preview:large","max-video-preview":"max-video-preview:-1"},"canonical":"https:\/\/qic-czech.cz\/index.php\/2026\/02\/27\/kvantove-cesko-jako-tema-ve-hvezdarne\/","og_locale":"en_US","og_type":"article","og_title":"Kvantov\u00e9 \u010cesko jako t\u00e9ma ve hv\u011bzd\u00e1rn\u011b - The Quantum Innovation Center","og_description":"Hv\u011bzd\u00e1rna a&nbsp;planet\u00e1rium Brno uspo\u0159\u00e1daly dne 26.&nbsp;\u00fanora 2026 ve\u0159ejnou besedu &#8211; panelovou diskusi s&nbsp;n\u00e1zvem Kvantov\u00e9 \u010cesko, akci, kter\u00e1 op\u011bt dokladuje nar\u016fstaj\u00edc\u00ed z\u00e1jem o&nbsp;celou tuto oblast. V r\u00e1mci setk\u00e1n\u00ed, jeho\u017e moderov\u00e1n\u00ed se...","og_url":"https:\/\/qic-czech.cz\/index.php\/2026\/02\/27\/kvantove-cesko-jako-tema-ve-hvezdarne\/","og_site_name":"The Quantum Innovation Center","article_published_time":"2026-02-27T15:14:32+00:00","article_modified_time":"2026-03-12T12:17:03+00:00","og_image":[{"width":600,"height":400,"url":"https:\/\/qic-czech.cz\/wp-content\/uploads\/2026\/03\/hap_brno-94ecfbe4.jpeg","type":"image\/jpeg"}],"author":"Anna Rihova","twitter_card":"summary_large_image","twitter_misc":{"Written by":"Anna Rihova","Est. reading time":"2 minutes"},"schema":{"@context":"https:\/\/schema.org","@graph":[{"@type":"Article","@id":"https:\/\/qic-czech.cz\/index.php\/2026\/02\/27\/kvantove-cesko-jako-tema-ve-hvezdarne\/#article","isPartOf":{"@id":"https:\/\/qic-czech.cz\/index.php\/2026\/02\/27\/kvantove-cesko-jako-tema-ve-hvezdarne\/"},"author":{"name":"Anna Rihova","@id":"https:\/\/qic-czech.cz\/#\/schema\/person\/649f4f4fb3dcbe9a6931832fd010b180"},"headline":"Kvantov\u00e9 \u010cesko jako t\u00e9ma ve hv\u011bzd\u00e1rn\u011b","datePublished":"2026-02-27T15:14:32+00:00","dateModified":"2026-03-12T12:17:03+00:00","mainEntityOfPage":{"@id":"https:\/\/qic-czech.cz\/index.php\/2026\/02\/27\/kvantove-cesko-jako-tema-ve-hvezdarne\/"},"wordCount":300,"publisher":{"@id":"https:\/\/qic-czech.cz\/#organization"},"image":{"@id":"https:\/\/qic-czech.cz\/index.php\/2026\/02\/27\/kvantove-cesko-jako-tema-ve-hvezdarne\/#primaryimage"},"thumbnailUrl":"https:\/\/qic-czech.cz\/wp-content\/uploads\/2026\/03\/hap_brno-94ecfbe4.jpeg","inLanguage":"en-US"},{"@type":"WebPage","@id":"https:\/\/qic-czech.cz\/index.php\/2026\/02\/27\/kvantove-cesko-jako-tema-ve-hvezdarne\/","url":"https:\/\/qic-czech.cz\/index.php\/2026\/02\/27\/kvantove-cesko-jako-tema-ve-hvezdarne\/","name":"Kvantov\u00e9 \u010cesko jako t\u00e9ma ve hv\u011bzd\u00e1rn\u011b - The Quantum Innovation Center","isPartOf":{"@id":"https:\/\/qic-czech.cz\/#website"},"primaryImageOfPage":{"@id":"https:\/\/qic-czech.cz\/index.php\/2026\/02\/27\/kvantove-cesko-jako-tema-ve-hvezdarne\/#primaryimage"},"image":{"@id":"https:\/\/qic-czech.cz\/index.php\/2026\/02\/27\/kvantove-cesko-jako-tema-ve-hvezdarne\/#primaryimage"},"thumbnailUrl":"https:\/\/qic-czech.cz\/wp-content\/uploads\/2026\/03\/hap_brno-94ecfbe4.jpeg","datePublished":"2026-02-27T15:14:32+00:00","dateModified":"2026-03-12T12:17:03+00:00","breadcrumb":{"@id":"https:\/\/qic-czech.cz\/index.php\/2026\/02\/27\/kvantove-cesko-jako-tema-ve-hvezdarne\/#breadcrumb"},"inLanguage":"en-US","potentialAction":[{"@type":"ReadAction","target":["https:\/\/qic-czech.cz\/index.php\/2026\/02\/27\/kvantove-cesko-jako-tema-ve-hvezdarne\/"]}]},{"@type":"ImageObject","inLanguage":"en-US","@id":"https:\/\/qic-czech.cz\/index.php\/2026\/02\/27\/kvantove-cesko-jako-tema-ve-hvezdarne\/#primaryimage","url":"https:\/\/qic-czech.cz\/wp-content\/uploads\/2026\/03\/hap_brno-94ecfbe4.jpeg","contentUrl":"https:\/\/qic-czech.cz\/wp-content\/uploads\/2026\/03\/hap_brno-94ecfbe4.jpeg","width":600,"height":400},{"@type":"BreadcrumbList","@id":"https:\/\/qic-czech.cz\/index.php\/2026\/02\/27\/kvantove-cesko-jako-tema-ve-hvezdarne\/#breadcrumb","itemListElement":[{"@type":"ListItem","position":1,"name":"Home","item":"https:\/\/qic-czech.cz\/"},{"@type":"ListItem","position":2,"name":"Kvantov\u00e9 \u010cesko jako t\u00e9ma ve hv\u011bzd\u00e1rn\u011b"}]},{"@type":"WebSite","@id":"https:\/\/qic-czech.cz\/#website","url":"https:\/\/qic-czech.cz\/","name":"The Quantum Innovation Center","description":"","publisher":{"@id":"https:\/\/qic-czech.cz\/#organization"},"potentialAction":[{"@type":"SearchAction","target":{"@type":"EntryPoint","urlTemplate":"https:\/\/qic-czech.cz\/?s={search_term_string}"},"query-input":{"@type":"PropertyValueSpecification","valueRequired":true,"valueName":"search_term_string"}}],"inLanguage":"en-US"},{"@type":"Organization","@id":"https:\/\/qic-czech.cz\/#organization","name":"The Quantum Innovation Center","url":"https:\/\/qic-czech.cz\/","logo":{"@type":"ImageObject","inLanguage":"en-US","@id":"https:\/\/qic-czech.cz\/#\/schema\/logo\/image\/","url":"https:\/\/qic-czech.cz\/wp-content\/uploads\/2025\/06\/logo2.webp","contentUrl":"https:\/\/qic-czech.cz\/wp-content\/uploads\/2025\/06\/logo2.webp","width":390,"height":359,"caption":"The Quantum Innovation Center"},"image":{"@id":"https:\/\/qic-czech.cz\/#\/schema\/logo\/image\/"}},{"@type":"Person","@id":"https:\/\/qic-czech.cz\/#\/schema\/person\/649f4f4fb3dcbe9a6931832fd010b180","name":"Anna Rihova","url":"https:\/\/qic-czech.cz\/index.php\/author\/rihova\/"}]}},"_links":{"self":[{"href":"https:\/\/qic-czech.cz\/index.php\/wp-json\/wp\/v2\/posts\/251","targetHints":{"allow":["GET"]}}],"collection":[{"href":"https:\/\/qic-czech.cz\/index.php\/wp-json\/wp\/v2\/posts"}],"about":[{"href":"https:\/\/qic-czech.cz\/index.php\/wp-json\/wp\/v2\/types\/post"}],"author":[{"embeddable":true,"href":"https:\/\/qic-czech.cz\/index.php\/wp-json\/wp\/v2\/users\/3"}],"replies":[{"embeddable":true,"href":"https:\/\/qic-czech.cz\/index.php\/wp-json\/wp\/v2\/comments?post=251"}],"version-history":[{"count":5,"href":"https:\/\/qic-czech.cz\/index.php\/wp-json\/wp\/v2\/posts\/251\/revisions"}],"predecessor-version":[{"id":257,"href":"https:\/\/qic-czech.cz\/index.php\/wp-json\/wp\/v2\/posts\/251\/revisions\/257"}],"wp:featuredmedia":[{"embeddable":true,"href":"https:\/\/qic-czech.cz\/index.php\/wp-json\/wp\/v2\/media\/253"}],"wp:attachment":[{"href":"https:\/\/qic-czech.cz\/index.php\/wp-json\/wp\/v2\/media?parent=251"}],"wp:term":[{"taxonomy":"category","embeddable":true,"href":"https:\/\/qic-czech.cz\/index.php\/wp-json\/wp\/v2\/categories?post=251"},{"taxonomy":"post_tag","embeddable":true,"href":"https:\/\/qic-czech.cz\/index.php\/wp-json\/wp\/v2\/tags?post=251"}],"curies":[{"name":"wp","href":"https:\/\/api.w.org\/{rel}","templated":true}]}}